{"id":706,"date":"2022-04-25T18:53:56","date_gmt":"2022-04-25T16:53:56","guid":{"rendered":"https:\/\/finetok.unilink.it\/?p=706"},"modified":"2022-04-25T18:54:22","modified_gmt":"2022-04-25T16:54:22","slug":"elon-musk-e-twitter","status":"publish","type":"post","link":"https:\/\/finetok.unilink.it\/index.php\/2022\/04\/25\/elon-musk-e-twitter\/","title":{"rendered":"Elon Musk e Twitter"},"content":{"rendered":"\n<h2 class=\"wp-block-heading\">Storico<\/h2>\n\n\n\n<p>Buon pomeriggio cari lettori, oggi parleremo di cosa \u00e8 accaduto questi giorni e in particolar modo, su ci\u00f2 che Elon Musk, CEO e founder Tesla ha combinato con il social network Twitter.\u00a0<\/p>\n\n\n\n<p>Torniamo indietro di pochi giorni il 4 aprile 2022, quando il proprietario della Tesla ha fatto sapere che possedeva il 9% delle azioni del social network. Elon Musk \u00e8 famoso per essere oltre che un eccellente business man, anche uno show man, non a caso cerca sempre di mettersi al centro delle situazioni proponendo idee a detta di molti \u201cfolli\u201d, ma riuscendo sempre a spuntarla anche in situazioni di rischio \u201cvedi caso SpaceX\u201d. Questo suo estro port\u00f2 Twitter ad offrirgli un posto di lavoro (come se ne avesse bisogno) all\u2019interno del consiglio, il quale lo rendeva l\u2019azionista di maggioranza, secondo voi Musk cosa fece accett\u00f2? Ovviamente NO. Nonostante il rifiuto della proposta di lavoro, il CEO Tesla, non si \u00e8 fatto mancare di avere la faccia tosta di proporre a Twitter l\u2019acquisto del 90.8% delle azioni\u2026s\u00ec non avrebbe senso o almeno per noi comuni mortali non lo avrebbe, ma Elon si sa\u2026o fa cose complicate o non sarebbe attualmente l\u2019uomo pi\u00f9 ricco del mondo.&nbsp;&nbsp;<\/p>\n\n\n\n<h3 class=\"wp-block-heading\">Motivazioni e Conseguenze del suo investimento in Twitter e del suo rifiuto nel CDA<\/h3>\n\n\n\n<p>Ora che un\u2019infarinatura l\u2019abbiamo data, passiamo con la descrizione del: \u201cPerch\u00e9 sto matto (come direbbero a Roma), ha rifiutato il posto da CDA, avendo di conseguenza la maggioranza delle azioni, senza il bisogno di acquistarle?\u201d C\u2019\u00e8 chi dice che sia stato il volere le mani libere in vista di questa operazione di mercato. Mentre le motivazioni dettate dal suo investimento per Twitter, sembrano essere di carattere sentimentalistico oltre che di guadagno. Come detto dallo stesso CEO di Tesla &lt;&lt;<strong>Ho investito in Twitter perch\u00e9&nbsp;credo nel suo potenziale per essere la piattaforma per la libert\u00e0 di parola in tutto il mondo&#8221;, cosa che &#8220;credo sia un imperativo sociale per una democrazia funzionante<\/strong><em>&gt;&gt;<\/em>. Inoltre aggiunge &lt;&lt;<strong>Twitter deve essere trasformata in azienda privata, se non accettata (l\u2019offerta) dovrei riconsiderare la mia posizione di socio<\/strong>&gt;&gt;.&nbsp;<\/p>\n\n\n\n<p>E so cosa vi state chiedendo, metti che Twitter mangia la foglia e che dica di no, Musk cosa farebbe? Beh vi pare che l\u2019uomo pi\u00f9 ricco del mondo non abbia un piano di riserva\u2026 Infatti il piano B esiste ma sembra che attenderemo la fatidica risposta di Twitter\u2026neanche durante il s\u00ec o no ad una proposta di matrimonio c\u2019\u00e8 pi\u00f9 attesa anche se in quel caso un piano B in caso di rifiuto non c\u2019\u00e8.&nbsp;<\/p>\n\n\n\n<p>Tra i vari azionisti del social c\u2019\u00e8 ovviamente chi si \u00e8 lamentato del \u201critardo di Musk nel dire \u201cehi ho il 9% delle azioni\u201d, muovendo una causa allo stesso CEO di Tesla. Ma perch\u00e9 ritardo? Secondo la legge il founder Tesla, avrebbe dovuto informare la SEC (Security and Exchange Commission), entro la fine di marzo, poich\u00e9 aveva rilevato quel famoso 9% a gennaio. Senza contare che Elon durante questi fatidici giorni, abbia fatto anche dei simpatici sondaggi, uno di questi \u00e8 stato se devono scegliere gli azionisti o i board? Ripetendo pi\u00f9 volte che la sua offerta \u00e8 la migliore di tutti anche delle sue precedenti.&nbsp;<\/p>\n\n\n\n<p>Comunque se volessimo metterla ai numeri, Elon Musk possedendo circa 260 mld di dollari, potrebbe acquistare Twitter anche con il portafoglio che ha dentro uno dei suoi completi.<\/p>\n","protected":false},"excerpt":{"rendered":"<p>Storico Buon pomeriggio cari lettori, oggi parleremo di cosa \u00e8 accaduto questi giorni e in particolar modo, su ci\u00f2 che Elon Musk, CEO e founder Tesla ha combinato con il social network Twitter.\u00a0 Torniamo indietro &hellip; <\/p>\n","protected":false},"author":4,"featured_media":707,"comment_status":"closed","ping_status":"open","sticky":false,"template":"","format":"standard","meta":{"footnotes":""},"categories":[44,8],"tags":[85,82,84,83],"class_list":["post-706","post","type-post","status-publish","format-standard","has-post-thumbnail","hentry","category-attualita","category-trends","tag-ceo","tag-elon-musk","tag-investimento","tag-twitter","latest_post"],"_links":{"self":[{"href":"https:\/\/finetok.unilink.it\/index.php\/wp-json\/wp\/v2\/posts\/706","targetHints":{"allow":["GET"]}}],"collection":[{"href":"https:\/\/finetok.unilink.it\/index.php\/wp-json\/wp\/v2\/posts"}],"about":[{"href":"https:\/\/finetok.unilink.it\/index.php\/wp-json\/wp\/v2\/types\/post"}],"author":[{"embeddable":true,"href":"https:\/\/finetok.unilink.it\/index.php\/wp-json\/wp\/v2\/users\/4"}],"replies":[{"embeddable":true,"href":"https:\/\/finetok.unilink.it\/index.php\/wp-json\/wp\/v2\/comments?post=706"}],"version-history":[{"count":2,"href":"https:\/\/finetok.unilink.it\/index.php\/wp-json\/wp\/v2\/posts\/706\/revisions"}],"predecessor-version":[{"id":709,"href":"https:\/\/finetok.unilink.it\/index.php\/wp-json\/wp\/v2\/posts\/706\/revisions\/709"}],"wp:featuredmedia":[{"embeddable":true,"href":"https:\/\/finetok.unilink.it\/index.php\/wp-json\/wp\/v2\/media\/707"}],"wp:attachment":[{"href":"https:\/\/finetok.unilink.it\/index.php\/wp-json\/wp\/v2\/media?parent=706"}],"wp:term":[{"taxonomy":"category","embeddable":true,"href":"https:\/\/finetok.unilink.it\/index.php\/wp-json\/wp\/v2\/categories?post=706"},{"taxonomy":"post_tag","embeddable":true,"href":"https:\/\/finetok.unilink.it\/index.php\/wp-json\/wp\/v2\/tags?post=706"}],"curies":[{"name":"wp","href":"https:\/\/api.w.org\/{rel}","templated":true}]}}